{"id":1369,"date":"2025-07-02T20:48:46","date_gmt":"2025-07-02T18:48:46","guid":{"rendered":"https:\/\/scavengers.cat\/jordi-rosell-al-programa-diga-li-ciencia-especial-sobre-levolucio-humana\/"},"modified":"2025-07-02T21:39:05","modified_gmt":"2025-07-02T19:39:05","slug":"jordi-rosell-al-programa-diga-li-ciencia-especial-sobre-levolucio-humana","status":"publish","type":"post","link":"https:\/\/scavengers.cat\/ca\/jordi-rosell-al-programa-diga-li-ciencia-especial-sobre-levolucio-humana\/","title":{"rendered":"Jordi Rosell al programa Diga-li ci\u00e8ncia \u2013 Especial sobre l\u2019evoluci\u00f3 humana"},"content":{"rendered":"<p>[et_pb_section fb_built=&#8221;1&#8243; admin_label=&#8221;section&#8221; _builder_version=&#8221;4.27.4&#8243; background_color=&#8221;#1e1d1c&#8221; global_colors_info=&#8221;{}&#8221; theme_builder_area=&#8221;post_content&#8221;][et_pb_row admin_label=&#8221;row&#8221; _builder_version=&#8221;4.16&#8243; background_size=&#8221;initial&#8221; background_position=&#8221;top_left&#8221; background_repeat=&#8221;repeat&#8221; global_colors_info=&#8221;{}&#8221; theme_builder_area=&#8221;post_content&#8221;][et_pb_column type=&#8221;4_4&#8243; _builder_version=&#8221;4.16&#8243; custom_padding=&#8221;|||&#8221; global_colors_info=&#8221;{}&#8221; custom_padding__hover=&#8221;|||&#8221; theme_builder_area=&#8221;post_content&#8221;][et_pb_image src=&#8221;@ET-DC@eyJkeW5hbWljIjp0cnVlLCJjb250ZW50IjoicG9zdF9mZWF0dXJlZF9pbWFnZSIsInNldHRpbmdzIjp7ImVuYWJsZV9odG1sIjoib2ZmIn19@&#8221; _builder_version=&#8221;4.27.2&#8243; _dynamic_attributes=&#8221;src&#8221; _module_preset=&#8221;default&#8221; box_shadow_style=&#8221;preset4&#8243; box_shadow_horizontal=&#8221;5px&#8221; box_shadow_vertical=&#8221;5px&#8221; box_shadow_color=&#8221;#FBB468&#8243; global_colors_info=&#8221;{}&#8221; theme_builder_area=&#8221;post_content&#8221;][\/et_pb_image][et_pb_text admin_label=&#8221;Text&#8221; _builder_version=&#8221;4.16&#8243; background_size=&#8221;initial&#8221; background_position=&#8221;top_left&#8221; background_repeat=&#8221;repeat&#8221; global_colors_info=&#8221;{}&#8221; theme_builder_area=&#8221;post_content&#8221;]<\/p>\n<p>El Dr. <strong data-start=\"398\" data-end=\"414\">Jordi Rosell<\/strong>, arque\u00f2leg, professor a la <em data-start=\"442\" data-end=\"472\">Universitat Rovira i Virgili<\/em> i investigador a <em data-start=\"490\" data-end=\"503\">IPHES-CERCA<\/em>, va participar al programa cient\u00edfic <em data-start=\"541\" data-end=\"558\">Diga-li ci\u00e8ncia<\/em> en un episodi especial dedicat a l\u2019evoluci\u00f3 humana. El van acompanyar les investigadores <strong data-start=\"648\" data-end=\"666\">Laura Mart\u00ednez<\/strong> (UB) i <strong data-start=\"674\" data-end=\"688\">Marta Pina<\/strong> (ICP-UAB).<\/p>\n<p>&nbsp;<\/p>\n<p>L\u2019episodi explora com l\u2019arqueologia, la biologia i la paleontologia contribueixen a reconstruir el nostre passat evolutiu, a trav\u00e9s de restes f\u00f2ssils i estudis comparatius amb altres primats.<\/p>\n<p>&nbsp;<\/p>\n<p>Una conversa amena i rigorosa que apropa la recerca cient\u00edfica m\u00e9s actual al gran p\u00fablic.<\/p>\n<p>&nbsp;<\/p>\n<p>&nbsp;<\/p>\n<div class=\"wp-block-buttons\">\n<div class=\"wp-block-button\"><a class=\"wp-block-button__link wp-element-button\" href=\"https:\/\/www.rtve.es\/play\/audios\/diga-li-ciencia\/diga-li-ciencia-especial-evolucio-humana\/16643520\/\" target=\"_blank\" rel=\"noreferrer noopener\">Escolta-ho aqu\u00ed<\/a><\/div>\n<p>&nbsp;<\/p>\n<\/div>\n<p>[\/et_pb_text][\/et_pb_column][\/et_pb_row][\/et_pb_section]<\/p>\n","protected":false},"excerpt":{"rendered":"<p>El Dr. Jordi Rosell, arque\u00f2leg, professor a la Universitat Rovira i Virgili i investigador a IPHES-CERCA, va participar al programa cient\u00edfic Diga-li ci\u00e8ncia en un episodi especial dedicat a l\u2019evoluci\u00f3 humana. El van acompanyar les investigadores Laura Mart\u00ednez (UB) i Marta Pina (ICP-UAB). &nbsp; L\u2019episodi explora com l\u2019arqueologia, la biologia i la paleontologia contribueixen a [&hellip;]<\/p>\n","protected":false},"author":5,"featured_media":1353,"comment_status":"open","ping_status":"open","sticky":false,"template":"","format":"standard","meta":{"_acf_changed":false,"_et_pb_use_builder":"on","_et_pb_old_content":"","_et_gb_content_width":"","footnotes":""},"categories":[11],"tags":[],"class_list":["post-1369","post","type-post","status-publish","format-standard","has-post-thumbnail","hentry","category-uncategorized-ca"],"acf":[],"yoast_head":"<!-- This site is optimized with the Yoast SEO plugin v26.8 - https:\/\/yoast.com\/product\/yoast-seo-wordpress\/ -->\n<title>Jordi Rosell al programa Diga-li ci\u00e8ncia \u2013 Especial sobre l\u2019evoluci\u00f3 humana - Scavengers ERC<\/title>\n<meta name=\"robots\" content=\"index, follow, max-snippet:-1, max-image-preview:large, max-video-preview:-1\" \/>\n<link rel=\"canonical\" href=\"https:\/\/scavengers.cat\/ca\/jordi-rosell-al-programa-diga-li-ciencia-especial-sobre-levolucio-humana\/\" \/>\n<meta property=\"og:locale\" content=\"ca_ES\" \/>\n<meta property=\"og:type\" content=\"article\" \/>\n<meta property=\"og:title\" content=\"Jordi Rosell al programa Diga-li ci\u00e8ncia \u2013 Especial sobre l\u2019evoluci\u00f3 humana - Scavengers ERC\" \/>\n<meta property=\"og:description\" content=\"El Dr. Jordi Rosell, arque\u00f2leg, professor a la Universitat Rovira i Virgili i investigador a IPHES-CERCA, va participar al programa cient\u00edfic Diga-li ci\u00e8ncia en un episodi especial dedicat a l\u2019evoluci\u00f3 humana. El van acompanyar les investigadores Laura Mart\u00ednez (UB) i Marta Pina (ICP-UAB). &nbsp; L\u2019episodi explora com l\u2019arqueologia, la biologia i la paleontologia contribueixen a [&hellip;]\" \/>\n<meta property=\"og:url\" content=\"https:\/\/scavengers.cat\/ca\/jordi-rosell-al-programa-diga-li-ciencia-especial-sobre-levolucio-humana\/\" \/>\n<meta property=\"og:site_name\" content=\"Scavengers ERC\" \/>\n<meta property=\"article:publisher\" content=\"https:\/\/www.facebook.com\/profile.php?id=61555311726016\" \/>\n<meta property=\"article:published_time\" content=\"2025-07-02T18:48:46+00:00\" \/>\n<meta property=\"article:modified_time\" content=\"2025-07-02T19:39:05+00:00\" \/>\n<meta property=\"og:image\" content=\"https:\/\/scavengers.cat\/wp-content\/uploads\/2025\/07\/descarga.jpeg\" \/>\n\t<meta property=\"og:image:width\" content=\"320\" \/>\n\t<meta property=\"og:image:height\" content=\"320\" \/>\n\t<meta property=\"og:image:type\" content=\"image\/jpeg\" \/>\n<meta name=\"author\" content=\"I\u00f1aki Perez\" \/>\n<meta name=\"twitter:card\" content=\"summary_large_image\" \/>\n<meta name=\"twitter:creator\" content=\"@Scavengers_ERC\" \/>\n<meta name=\"twitter:site\" content=\"@Scavengers_ERC\" \/>\n<meta name=\"twitter:label1\" content=\"Escrit per\" \/>\n\t<meta name=\"twitter:data1\" content=\"I\u00f1aki Perez\" \/>\n\t<meta name=\"twitter:label2\" content=\"Temps estimat de lectura\" \/>\n\t<meta name=\"twitter:data2\" content=\"1 minut\" \/>\n<script type=\"application\/ld+json\" class=\"yoast-schema-graph\">{\"@context\":\"https:\/\/schema.org\",\"@graph\":[{\"@type\":\"Article\",\"@id\":\"https:\/\/scavengers.cat\/ca\/jordi-rosell-al-programa-diga-li-ciencia-especial-sobre-levolucio-humana\/#article\",\"isPartOf\":{\"@id\":\"https:\/\/scavengers.cat\/ca\/jordi-rosell-al-programa-diga-li-ciencia-especial-sobre-levolucio-humana\/\"},\"author\":{\"name\":\"I\u00f1aki Perez\",\"@id\":\"https:\/\/scavengers.cat\/ca\/#\/schema\/person\/c16ec933b6c15dae9aa15e50c25990c9\"},\"headline\":\"Jordi Rosell al programa Diga-li ci\u00e8ncia \u2013 Especial sobre l\u2019evoluci\u00f3 humana\",\"datePublished\":\"2025-07-02T18:48:46+00:00\",\"dateModified\":\"2025-07-02T19:39:05+00:00\",\"mainEntityOfPage\":{\"@id\":\"https:\/\/scavengers.cat\/ca\/jordi-rosell-al-programa-diga-li-ciencia-especial-sobre-levolucio-humana\/\"},\"wordCount\":275,\"commentCount\":0,\"publisher\":{\"@id\":\"https:\/\/scavengers.cat\/ca\/#organization\"},\"image\":{\"@id\":\"https:\/\/scavengers.cat\/ca\/jordi-rosell-al-programa-diga-li-ciencia-especial-sobre-levolucio-humana\/#primaryimage\"},\"thumbnailUrl\":\"https:\/\/scavengers.cat\/wp-content\/uploads\/2025\/07\/descarga.jpeg\",\"articleSection\":[\"Uncategorized @ca\"],\"inLanguage\":\"ca\",\"potentialAction\":[{\"@type\":\"CommentAction\",\"name\":\"Comment\",\"target\":[\"https:\/\/scavengers.cat\/ca\/jordi-rosell-al-programa-diga-li-ciencia-especial-sobre-levolucio-humana\/#respond\"]}]},{\"@type\":\"WebPage\",\"@id\":\"https:\/\/scavengers.cat\/ca\/jordi-rosell-al-programa-diga-li-ciencia-especial-sobre-levolucio-humana\/\",\"url\":\"https:\/\/scavengers.cat\/ca\/jordi-rosell-al-programa-diga-li-ciencia-especial-sobre-levolucio-humana\/\",\"name\":\"Jordi Rosell al programa Diga-li ci\u00e8ncia \u2013 Especial sobre l\u2019evoluci\u00f3 humana - Scavengers ERC\",\"isPartOf\":{\"@id\":\"https:\/\/scavengers.cat\/ca\/#website\"},\"primaryImageOfPage\":{\"@id\":\"https:\/\/scavengers.cat\/ca\/jordi-rosell-al-programa-diga-li-ciencia-especial-sobre-levolucio-humana\/#primaryimage\"},\"image\":{\"@id\":\"https:\/\/scavengers.cat\/ca\/jordi-rosell-al-programa-diga-li-ciencia-especial-sobre-levolucio-humana\/#primaryimage\"},\"thumbnailUrl\":\"https:\/\/scavengers.cat\/wp-content\/uploads\/2025\/07\/descarga.jpeg\",\"datePublished\":\"2025-07-02T18:48:46+00:00\",\"dateModified\":\"2025-07-02T19:39:05+00:00\",\"breadcrumb\":{\"@id\":\"https:\/\/scavengers.cat\/ca\/jordi-rosell-al-programa-diga-li-ciencia-especial-sobre-levolucio-humana\/#breadcrumb\"},\"inLanguage\":\"ca\",\"potentialAction\":[{\"@type\":\"ReadAction\",\"target\":[\"https:\/\/scavengers.cat\/ca\/jordi-rosell-al-programa-diga-li-ciencia-especial-sobre-levolucio-humana\/\"]}]},{\"@type\":\"ImageObject\",\"inLanguage\":\"ca\",\"@id\":\"https:\/\/scavengers.cat\/ca\/jordi-rosell-al-programa-diga-li-ciencia-especial-sobre-levolucio-humana\/#primaryimage\",\"url\":\"https:\/\/scavengers.cat\/wp-content\/uploads\/2025\/07\/descarga.jpeg\",\"contentUrl\":\"https:\/\/scavengers.cat\/wp-content\/uploads\/2025\/07\/descarga.jpeg\",\"width\":320,\"height\":320},{\"@type\":\"BreadcrumbList\",\"@id\":\"https:\/\/scavengers.cat\/ca\/jordi-rosell-al-programa-diga-li-ciencia-especial-sobre-levolucio-humana\/#breadcrumb\",\"itemListElement\":[{\"@type\":\"ListItem\",\"position\":1,\"name\":\"Inici\",\"item\":\"https:\/\/scavengers.cat\/ca\/inici\/\"},{\"@type\":\"ListItem\",\"position\":2,\"name\":\"Jordi Rosell al programa Diga-li ci\u00e8ncia \u2013 Especial sobre l\u2019evoluci\u00f3 humana\"}]},{\"@type\":\"WebSite\",\"@id\":\"https:\/\/scavengers.cat\/ca\/#website\",\"url\":\"https:\/\/scavengers.cat\/ca\/\",\"name\":\"Scavengers ERC\",\"description\":\"\",\"publisher\":{\"@id\":\"https:\/\/scavengers.cat\/ca\/#organization\"},\"potentialAction\":[{\"@type\":\"SearchAction\",\"target\":{\"@type\":\"EntryPoint\",\"urlTemplate\":\"https:\/\/scavengers.cat\/ca\/?s={search_term_string}\"},\"query-input\":{\"@type\":\"PropertyValueSpecification\",\"valueRequired\":true,\"valueName\":\"search_term_string\"}}],\"inLanguage\":\"ca\"},{\"@type\":\"Organization\",\"@id\":\"https:\/\/scavengers.cat\/ca\/#organization\",\"name\":\"Scavengers ERC\",\"url\":\"https:\/\/scavengers.cat\/ca\/\",\"logo\":{\"@type\":\"ImageObject\",\"inLanguage\":\"ca\",\"@id\":\"https:\/\/scavengers.cat\/ca\/#\/schema\/logo\/image\/\",\"url\":\"https:\/\/scavengers.cat\/wp-content\/uploads\/2025\/01\/logo_scv.png\",\"contentUrl\":\"https:\/\/scavengers.cat\/wp-content\/uploads\/2025\/01\/logo_scv.png\",\"width\":300,\"height\":143,\"caption\":\"Scavengers ERC\"},\"image\":{\"@id\":\"https:\/\/scavengers.cat\/ca\/#\/schema\/logo\/image\/\"},\"sameAs\":[\"https:\/\/www.facebook.com\/profile.php?id=61555311726016\",\"https:\/\/x.com\/Scavengers_ERC\",\"https:\/\/www.instagram.com\/scavengers_erc\/\"]},{\"@type\":\"Person\",\"@id\":\"https:\/\/scavengers.cat\/ca\/#\/schema\/person\/c16ec933b6c15dae9aa15e50c25990c9\",\"name\":\"I\u00f1aki Perez\",\"image\":{\"@type\":\"ImageObject\",\"inLanguage\":\"ca\",\"@id\":\"https:\/\/scavengers.cat\/ca\/#\/schema\/person\/image\/\",\"url\":\"https:\/\/secure.gravatar.com\/avatar\/e3dd2694ee9f27ee7c7407c03dd2ace5?s=96&d=mm&r=g\",\"contentUrl\":\"https:\/\/secure.gravatar.com\/avatar\/e3dd2694ee9f27ee7c7407c03dd2ace5?s=96&d=mm&r=g\",\"caption\":\"I\u00f1aki Perez\"}}]}<\/script>\n<!-- \/ Yoast SEO plugin. -->","yoast_head_json":{"title":"Jordi Rosell al programa Diga-li ci\u00e8ncia \u2013 Especial sobre l\u2019evoluci\u00f3 humana - Scavengers ERC","robots":{"index":"index","follow":"follow","max-snippet":"max-snippet:-1","max-image-preview":"max-image-preview:large","max-video-preview":"max-video-preview:-1"},"canonical":"https:\/\/scavengers.cat\/ca\/jordi-rosell-al-programa-diga-li-ciencia-especial-sobre-levolucio-humana\/","og_locale":"ca_ES","og_type":"article","og_title":"Jordi Rosell al programa Diga-li ci\u00e8ncia \u2013 Especial sobre l\u2019evoluci\u00f3 humana - Scavengers ERC","og_description":"El Dr. Jordi Rosell, arque\u00f2leg, professor a la Universitat Rovira i Virgili i investigador a IPHES-CERCA, va participar al programa cient\u00edfic Diga-li ci\u00e8ncia en un episodi especial dedicat a l\u2019evoluci\u00f3 humana. El van acompanyar les investigadores Laura Mart\u00ednez (UB) i Marta Pina (ICP-UAB). &nbsp; L\u2019episodi explora com l\u2019arqueologia, la biologia i la paleontologia contribueixen a [&hellip;]","og_url":"https:\/\/scavengers.cat\/ca\/jordi-rosell-al-programa-diga-li-ciencia-especial-sobre-levolucio-humana\/","og_site_name":"Scavengers ERC","article_publisher":"https:\/\/www.facebook.com\/profile.php?id=61555311726016","article_published_time":"2025-07-02T18:48:46+00:00","article_modified_time":"2025-07-02T19:39:05+00:00","og_image":[{"width":320,"height":320,"url":"https:\/\/scavengers.cat\/wp-content\/uploads\/2025\/07\/descarga.jpeg","type":"image\/jpeg"}],"author":"I\u00f1aki Perez","twitter_card":"summary_large_image","twitter_creator":"@Scavengers_ERC","twitter_site":"@Scavengers_ERC","twitter_misc":{"Escrit per":"I\u00f1aki Perez","Temps estimat de lectura":"1 minut"},"schema":{"@context":"https:\/\/schema.org","@graph":[{"@type":"Article","@id":"https:\/\/scavengers.cat\/ca\/jordi-rosell-al-programa-diga-li-ciencia-especial-sobre-levolucio-humana\/#article","isPartOf":{"@id":"https:\/\/scavengers.cat\/ca\/jordi-rosell-al-programa-diga-li-ciencia-especial-sobre-levolucio-humana\/"},"author":{"name":"I\u00f1aki Perez","@id":"https:\/\/scavengers.cat\/ca\/#\/schema\/person\/c16ec933b6c15dae9aa15e50c25990c9"},"headline":"Jordi Rosell al programa Diga-li ci\u00e8ncia \u2013 Especial sobre l\u2019evoluci\u00f3 humana","datePublished":"2025-07-02T18:48:46+00:00","dateModified":"2025-07-02T19:39:05+00:00","mainEntityOfPage":{"@id":"https:\/\/scavengers.cat\/ca\/jordi-rosell-al-programa-diga-li-ciencia-especial-sobre-levolucio-humana\/"},"wordCount":275,"commentCount":0,"publisher":{"@id":"https:\/\/scavengers.cat\/ca\/#organization"},"image":{"@id":"https:\/\/scavengers.cat\/ca\/jordi-rosell-al-programa-diga-li-ciencia-especial-sobre-levolucio-humana\/#primaryimage"},"thumbnailUrl":"https:\/\/scavengers.cat\/wp-content\/uploads\/2025\/07\/descarga.jpeg","articleSection":["Uncategorized @ca"],"inLanguage":"ca","potentialAction":[{"@type":"CommentAction","name":"Comment","target":["https:\/\/scavengers.cat\/ca\/jordi-rosell-al-programa-diga-li-ciencia-especial-sobre-levolucio-humana\/#respond"]}]},{"@type":"WebPage","@id":"https:\/\/scavengers.cat\/ca\/jordi-rosell-al-programa-diga-li-ciencia-especial-sobre-levolucio-humana\/","url":"https:\/\/scavengers.cat\/ca\/jordi-rosell-al-programa-diga-li-ciencia-especial-sobre-levolucio-humana\/","name":"Jordi Rosell al programa Diga-li ci\u00e8ncia \u2013 Especial sobre l\u2019evoluci\u00f3 humana - Scavengers ERC","isPartOf":{"@id":"https:\/\/scavengers.cat\/ca\/#website"},"primaryImageOfPage":{"@id":"https:\/\/scavengers.cat\/ca\/jordi-rosell-al-programa-diga-li-ciencia-especial-sobre-levolucio-humana\/#primaryimage"},"image":{"@id":"https:\/\/scavengers.cat\/ca\/jordi-rosell-al-programa-diga-li-ciencia-especial-sobre-levolucio-humana\/#primaryimage"},"thumbnailUrl":"https:\/\/scavengers.cat\/wp-content\/uploads\/2025\/07\/descarga.jpeg","datePublished":"2025-07-02T18:48:46+00:00","dateModified":"2025-07-02T19:39:05+00:00","breadcrumb":{"@id":"https:\/\/scavengers.cat\/ca\/jordi-rosell-al-programa-diga-li-ciencia-especial-sobre-levolucio-humana\/#breadcrumb"},"inLanguage":"ca","potentialAction":[{"@type":"ReadAction","target":["https:\/\/scavengers.cat\/ca\/jordi-rosell-al-programa-diga-li-ciencia-especial-sobre-levolucio-humana\/"]}]},{"@type":"ImageObject","inLanguage":"ca","@id":"https:\/\/scavengers.cat\/ca\/jordi-rosell-al-programa-diga-li-ciencia-especial-sobre-levolucio-humana\/#primaryimage","url":"https:\/\/scavengers.cat\/wp-content\/uploads\/2025\/07\/descarga.jpeg","contentUrl":"https:\/\/scavengers.cat\/wp-content\/uploads\/2025\/07\/descarga.jpeg","width":320,"height":320},{"@type":"BreadcrumbList","@id":"https:\/\/scavengers.cat\/ca\/jordi-rosell-al-programa-diga-li-ciencia-especial-sobre-levolucio-humana\/#breadcrumb","itemListElement":[{"@type":"ListItem","position":1,"name":"Inici","item":"https:\/\/scavengers.cat\/ca\/inici\/"},{"@type":"ListItem","position":2,"name":"Jordi Rosell al programa Diga-li ci\u00e8ncia \u2013 Especial sobre l\u2019evoluci\u00f3 humana"}]},{"@type":"WebSite","@id":"https:\/\/scavengers.cat\/ca\/#website","url":"https:\/\/scavengers.cat\/ca\/","name":"Scavengers ERC","description":"","publisher":{"@id":"https:\/\/scavengers.cat\/ca\/#organization"},"potentialAction":[{"@type":"SearchAction","target":{"@type":"EntryPoint","urlTemplate":"https:\/\/scavengers.cat\/ca\/?s={search_term_string}"},"query-input":{"@type":"PropertyValueSpecification","valueRequired":true,"valueName":"search_term_string"}}],"inLanguage":"ca"},{"@type":"Organization","@id":"https:\/\/scavengers.cat\/ca\/#organization","name":"Scavengers ERC","url":"https:\/\/scavengers.cat\/ca\/","logo":{"@type":"ImageObject","inLanguage":"ca","@id":"https:\/\/scavengers.cat\/ca\/#\/schema\/logo\/image\/","url":"https:\/\/scavengers.cat\/wp-content\/uploads\/2025\/01\/logo_scv.png","contentUrl":"https:\/\/scavengers.cat\/wp-content\/uploads\/2025\/01\/logo_scv.png","width":300,"height":143,"caption":"Scavengers ERC"},"image":{"@id":"https:\/\/scavengers.cat\/ca\/#\/schema\/logo\/image\/"},"sameAs":["https:\/\/www.facebook.com\/profile.php?id=61555311726016","https:\/\/x.com\/Scavengers_ERC","https:\/\/www.instagram.com\/scavengers_erc\/"]},{"@type":"Person","@id":"https:\/\/scavengers.cat\/ca\/#\/schema\/person\/c16ec933b6c15dae9aa15e50c25990c9","name":"I\u00f1aki Perez","image":{"@type":"ImageObject","inLanguage":"ca","@id":"https:\/\/scavengers.cat\/ca\/#\/schema\/person\/image\/","url":"https:\/\/secure.gravatar.com\/avatar\/e3dd2694ee9f27ee7c7407c03dd2ace5?s=96&d=mm&r=g","contentUrl":"https:\/\/secure.gravatar.com\/avatar\/e3dd2694ee9f27ee7c7407c03dd2ace5?s=96&d=mm&r=g","caption":"I\u00f1aki Perez"}}]}},"_links":{"self":[{"href":"https:\/\/scavengers.cat\/ca\/wp-json\/wp\/v2\/posts\/1369","targetHints":{"allow":["GET"]}}],"collection":[{"href":"https:\/\/scavengers.cat\/ca\/wp-json\/wp\/v2\/posts"}],"about":[{"href":"https:\/\/scavengers.cat\/ca\/wp-json\/wp\/v2\/types\/post"}],"author":[{"embeddable":true,"href":"https:\/\/scavengers.cat\/ca\/wp-json\/wp\/v2\/users\/5"}],"replies":[{"embeddable":true,"href":"https:\/\/scavengers.cat\/ca\/wp-json\/wp\/v2\/comments?post=1369"}],"version-history":[{"count":3,"href":"https:\/\/scavengers.cat\/ca\/wp-json\/wp\/v2\/posts\/1369\/revisions"}],"predecessor-version":[{"id":1372,"href":"https:\/\/scavengers.cat\/ca\/wp-json\/wp\/v2\/posts\/1369\/revisions\/1372"}],"wp:featuredmedia":[{"embeddable":true,"href":"https:\/\/scavengers.cat\/ca\/wp-json\/wp\/v2\/media\/1353"}],"wp:attachment":[{"href":"https:\/\/scavengers.cat\/ca\/wp-json\/wp\/v2\/media?parent=1369"}],"wp:term":[{"taxonomy":"category","embeddable":true,"href":"https:\/\/scavengers.cat\/ca\/wp-json\/wp\/v2\/categories?post=1369"},{"taxonomy":"post_tag","embeddable":true,"href":"https:\/\/scavengers.cat\/ca\/wp-json\/wp\/v2\/tags?post=1369"}],"curies":[{"name":"wp","href":"https:\/\/api.w.org\/{rel}","templated":true}]}}